{"books_html":"<!-- Tab Content -->\n<div class=\"tab-content\" id=\"pills-tabContent\">\n    <div class=\"tab-pane fade show active\" id=\"grid-container\" role=\"tabpanel\" aria-labelledby=\"grid-view\">\n        <!-- Mockup Block -->\n                    <ul class=\"products list-unstyled row no-gutters row-cols-2 row-cols-lg-3 row-cols-wd-4 border-top border-left mb-6\"\n                id=\"books_container\">\n                                                        <li class=\"product col\">\n                        <div class=\"product__inner overflow-hidden p-3 p-md-4d875\">\n                            <div\n                                class=\"product__link position-relative\">\n                                <div class=\"product__thumbnail\">\n                                    <a href=\"https:\/\/riebu.fr\/books\/9782346117086\/Notes-et-croquis-d%27Espagne---Burgos,-Avila,-Tol%C3%A8de,-Jean-de-Bourgogne\"\n                                        class=\"d-block\">\n                                        <img src=\"\/storage\/books\/covers\/9782346117086.jpg\"\n                                            class=\"img-fluid d-block mx-auto attachment-shop_catalog size-shop_catalog wp-post-image img-fluid\"\n                                            alt=\"image-description\"><\/a>\n                                <\/div>\n                                <div class=\"product__body product__body pt-3 bg-white\">\n                                    <div class=\"text-uppercase font-size-1 mb-1 text-truncate text-center\">\n                                        <a\n                                            href=\"https:\/\/riebu.fr\/books\/9782346117086\/Notes-et-croquis-d%27Espagne---Burgos,-Avila,-Tol%C3%A8de,-Jean-de-Bourgogne\">EPUB<\/a>\n                                    <\/div>\n                                    <h2\n                                        class=\"product__title product__title h6 text-lh-md mb-1 text-height-2 crop-text-2 h-dark\">\n                                        <a\n                                            href=\"https:\/\/riebu.fr\/books\/9782346117086\/Notes-et-croquis-d%27Espagne---Burgos,-Avila,-Tol%C3%A8de,-Jean-de-Bourgogne\">\n                                            Notes et croquis d&#039;Espagne - Burgos, Avila, Tol\u00e8de, Jean de Bourgogne\n                                        <\/a>\n                                    <\/h2>\n                                                                                                                <div class=\"font-size-2  mb-1 text-truncate\">\n                                            <a href=\"https:\/\/riebu.fr\/authors\/30174\" class=\"text-gray-700\">\n                                                E.-Albert Babeau\n                                            <\/a>\n                                        <\/div>\n                                                                        \n                                    <div class=\"price d-flex align-items-center font-weight-medium font-size-3\">\n                                        <span class=\"woocommerce-Price-amount amount\">\n                                                                                            3,49EUR\n                                                                                    <\/span>\n                                    <\/div>\n                                                                        <div class=\"product__rating d-flex align-items-center font-size-2\">\n                                        <div class=\"text-yellow-darker mr-2\" title=\"0.0\">\n                                                                                                                                                                                    <small class=\"far fa-star\"><\/small>\n                                                                                            <small class=\"far fa-star\"><\/small>\n                                                                                            <small class=\"far fa-star\"><\/small>\n                                                                                            <small class=\"far fa-star\"><\/small>\n                                                                                            <small class=\"far fa-star\"><\/small>\n                                                                                    <\/div>\n                                        <div>(0)<\/div>\n                                    <\/div>\n                                <\/div>\n                                <div class=\"product__hover d-flex align-items-center\">\n                                                                                                                        <a href=\"javascript:\" data-target=\"44665\"\n                                                class=\"text-uppercase text-dark h-dark font-weight-medium mr-auto add-to-cart\"\n                                                title=\"Ajouter au panier\">\n                                                <span class=\"product__add-to-cart\">Ajouter au panier<\/span>\n                                                <span class=\"product__add-to-cart-icon font-size-4\">\n                                                    <i class=\"flaticon-icon-126515\"><\/i>\n                                                <\/span>\n                                            <\/a>\n                                                                                                                                                    \n                                <\/div>\n                            <\/div>\n                        <\/div>\n                    <\/li>\n                                                        <li class=\"product col\">\n                        <div class=\"product__inner overflow-hidden p-3 p-md-4d875\">\n                            <div\n                                class=\"product__link position-relative\">\n                                <div class=\"product__thumbnail\">\n                                    <a href=\"https:\/\/riebu.fr\/books\/9782346116980\/De-l%27influence-de-la-guerre-d%27Espagne---Sur-l%27affermissement-de-la-dynastie-l%C3%A9gitime-et-de-la-monarchie-constitutionnelle-en-France\"\n                                        class=\"d-block\">\n                                        <img src=\"\/storage\/books\/covers\/9782346116980.jpg\"\n                                            class=\"img-fluid d-block mx-auto attachment-shop_catalog size-shop_catalog wp-post-image img-fluid\"\n                                            alt=\"image-description\"><\/a>\n                                <\/div>\n                                <div class=\"product__body product__body pt-3 bg-white\">\n                                    <div class=\"text-uppercase font-size-1 mb-1 text-truncate text-center\">\n                                        <a\n                                            href=\"https:\/\/riebu.fr\/books\/9782346116980\/De-l%27influence-de-la-guerre-d%27Espagne---Sur-l%27affermissement-de-la-dynastie-l%C3%A9gitime-et-de-la-monarchie-constitutionnelle-en-France\">EPUB<\/a>\n                                    <\/div>\n                                    <h2\n                                        class=\"product__title product__title h6 text-lh-md mb-1 text-height-2 crop-text-2 h-dark\">\n                                        <a\n                                            href=\"https:\/\/riebu.fr\/books\/9782346116980\/De-l%27influence-de-la-guerre-d%27Espagne---Sur-l%27affermissement-de-la-dynastie-l%C3%A9gitime-et-de-la-monarchie-constitutionnelle-en-France\">\n                                            De l&#039;influence de la guerre d&#039;Espagne - Sur l&#039;affermissement de la dynastie l\u00e9gitime et de la monarchie constitutionnelle en France\n                                        <\/a>\n                                    <\/h2>\n                                                                                                                <div class=\"font-size-2  mb-1 text-truncate\">\n                                            <a href=\"https:\/\/riebu.fr\/authors\/30177\" class=\"text-gray-700\">\n                                                Jean-Baptiste-Louis-Joseph Billecocq\n                                            <\/a>\n                                        <\/div>\n                                                                        \n                                    <div class=\"price d-flex align-items-center font-weight-medium font-size-3\">\n                                        <span class=\"woocommerce-Price-amount amount\">\n                                                                                            3,49EUR\n                                                                                    <\/span>\n                                    <\/div>\n                                                                        <div class=\"product__rating d-flex align-items-center font-size-2\">\n                                        <div class=\"text-yellow-darker mr-2\" title=\"0.0\">\n                                                                                                                                                                                    <small class=\"far fa-star\"><\/small>\n                                                                                            <small class=\"far fa-star\"><\/small>\n                                                                                            <small class=\"far fa-star\"><\/small>\n                                                                                            <small class=\"far fa-star\"><\/small>\n                                                                                            <small class=\"far fa-star\"><\/small>\n                                                                                    <\/div>\n                                        <div>(0)<\/div>\n                                    <\/div>\n                                <\/div>\n                                <div class=\"product__hover d-flex align-items-center\">\n                                                                                                                        <a href=\"javascript:\" data-target=\"44666\"\n                                                class=\"text-uppercase text-dark h-dark font-weight-medium mr-auto add-to-cart\"\n                                                title=\"Ajouter au panier\">\n                                                <span class=\"product__add-to-cart\">Ajouter au panier<\/span>\n                                                <span class=\"product__add-to-cart-icon font-size-4\">\n                                                    <i class=\"flaticon-icon-126515\"><\/i>\n                                                <\/span>\n                                            <\/a>\n                                                                                                                                                    \n                                <\/div>\n                            <\/div>\n                        <\/div>\n                    <\/li>\n                                                        <li class=\"product col\">\n                        <div class=\"product__inner overflow-hidden p-3 p-md-4d875\">\n                            <div\n                                class=\"product__link position-relative\">\n                                <div class=\"product__thumbnail\">\n                                    <a href=\"https:\/\/riebu.fr\/books\/9782346116867\/L%27Arbitrage-international-est-contraire-%C3%A0-nos-m%C5%93urs\"\n                                        class=\"d-block\">\n                                        <img src=\"\/storage\/books\/covers\/9782346116867.jpg\"\n                                            class=\"img-fluid d-block mx-auto attachment-shop_catalog size-shop_catalog wp-post-image img-fluid\"\n                                            alt=\"image-description\"><\/a>\n                                <\/div>\n                                <div class=\"product__body product__body pt-3 bg-white\">\n                                    <div class=\"text-uppercase font-size-1 mb-1 text-truncate text-center\">\n                                        <a\n                                            href=\"https:\/\/riebu.fr\/books\/9782346116867\/L%27Arbitrage-international-est-contraire-%C3%A0-nos-m%C5%93urs\">EPUB<\/a>\n                                    <\/div>\n                                    <h2\n                                        class=\"product__title product__title h6 text-lh-md mb-1 text-height-2 crop-text-2 h-dark\">\n                                        <a\n                                            href=\"https:\/\/riebu.fr\/books\/9782346116867\/L%27Arbitrage-international-est-contraire-%C3%A0-nos-m%C5%93urs\">\n                                            L&#039;Arbitrage international est contraire \u00e0 nos m\u0153urs\n                                        <\/a>\n                                    <\/h2>\n                                                                                                                <div class=\"font-size-2  mb-1 text-truncate\">\n                                            <a href=\"https:\/\/riebu.fr\/authors\/30178\" class=\"text-gray-700\">\n                                                Paul Mabille\n                                            <\/a>\n                                        <\/div>\n                                                                        \n                                    <div class=\"price d-flex align-items-center font-weight-medium font-size-3\">\n                                        <span class=\"woocommerce-Price-amount amount\">\n                                                                                            3,49EUR\n                                                                                    <\/span>\n                                    <\/div>\n                                                                        <div class=\"product__rating d-flex align-items-center font-size-2\">\n                                        <div class=\"text-yellow-darker mr-2\" title=\"0.0\">\n                                                                                                                                                                                    <small class=\"far fa-star\"><\/small>\n                                                                                            <small class=\"far fa-star\"><\/small>\n                                                                                            <small class=\"far fa-star\"><\/small>\n                                                                                            <small class=\"far fa-star\"><\/small>\n                                                                                            <small class=\"far fa-star\"><\/small>\n                                                                                    <\/div>\n                                        <div>(0)<\/div>\n                                    <\/div>\n                                <\/div>\n                                <div class=\"product__hover d-flex align-items-center\">\n                                                                                                                        <a href=\"javascript:\" data-target=\"44667\"\n                                                class=\"text-uppercase text-dark h-dark font-weight-medium mr-auto add-to-cart\"\n                                                title=\"Ajouter au panier\">\n                                                <span class=\"product__add-to-cart\">Ajouter au panier<\/span>\n                                                <span class=\"product__add-to-cart-icon font-size-4\">\n                                                    <i class=\"flaticon-icon-126515\"><\/i>\n                                                <\/span>\n                                            <\/a>\n                                                                                                                                                    \n                                <\/div>\n                            <\/div>\n                        <\/div>\n                    <\/li>\n                                                        <li class=\"product col\">\n                        <div class=\"product__inner overflow-hidden p-3 p-md-4d875\">\n                            <div\n                                class=\"product__link position-relative\">\n                                <div class=\"product__thumbnail\">\n                                    <a href=\"https:\/\/riebu.fr\/books\/9782346116447\/Les-Po%C3%A9sies-de-l%27%C3%A2ge-m%C3%BBr\"\n                                        class=\"d-block\">\n                                        <img src=\"\/storage\/books\/covers\/9782346116447.jpg\"\n                                            class=\"img-fluid d-block mx-auto attachment-shop_catalog size-shop_catalog wp-post-image img-fluid\"\n                                            alt=\"image-description\"><\/a>\n                                <\/div>\n                                <div class=\"product__body product__body pt-3 bg-white\">\n                                    <div class=\"text-uppercase font-size-1 mb-1 text-truncate text-center\">\n                                        <a\n                                            href=\"https:\/\/riebu.fr\/books\/9782346116447\/Les-Po%C3%A9sies-de-l%27%C3%A2ge-m%C3%BBr\">EPUB<\/a>\n                                    <\/div>\n                                    <h2\n                                        class=\"product__title product__title h6 text-lh-md mb-1 text-height-2 crop-text-2 h-dark\">\n                                        <a\n                                            href=\"https:\/\/riebu.fr\/books\/9782346116447\/Les-Po%C3%A9sies-de-l%27%C3%A2ge-m%C3%BBr\">\n                                            Les Po\u00e9sies de l&#039;\u00e2ge m\u00fbr\n                                        <\/a>\n                                    <\/h2>\n                                                                                                                <div class=\"font-size-2  mb-1 text-truncate\">\n                                            <a href=\"https:\/\/riebu.fr\/authors\/30179\" class=\"text-gray-700\">\n                                                \u00c9lie Dupin\n                                            <\/a>\n                                        <\/div>\n                                                                        \n                                    <div class=\"price d-flex align-items-center font-weight-medium font-size-3\">\n                                        <span class=\"woocommerce-Price-amount amount\">\n                                                                                            3,49EUR\n                                                                                    <\/span>\n                                    <\/div>\n                                                                        <div class=\"product__rating d-flex align-items-center font-size-2\">\n                                        <div class=\"text-yellow-darker mr-2\" title=\"0.0\">\n                                                                                                                                                                                    <small class=\"far fa-star\"><\/small>\n                                                                                            <small class=\"far fa-star\"><\/small>\n                                                                                            <small class=\"far fa-star\"><\/small>\n                                                                                            <small class=\"far fa-star\"><\/small>\n                                                                                            <small class=\"far fa-star\"><\/small>\n                                                                                    <\/div>\n                                        <div>(0)<\/div>\n                                    <\/div>\n                                <\/div>\n                                <div class=\"product__hover d-flex align-items-center\">\n                                                                                                                        <a href=\"javascript:\" data-target=\"44668\"\n                                                class=\"text-uppercase text-dark h-dark font-weight-medium mr-auto add-to-cart\"\n                                                title=\"Ajouter au panier\">\n                                                <span class=\"product__add-to-cart\">Ajouter au panier<\/span>\n                                                <span class=\"product__add-to-cart-icon font-size-4\">\n                                                    <i class=\"flaticon-icon-126515\"><\/i>\n                                                <\/span>\n                                            <\/a>\n                                                                                                                                                    \n                                <\/div>\n                            <\/div>\n                        <\/div>\n                    <\/li>\n                                                        <li class=\"product col\">\n                        <div class=\"product__inner overflow-hidden p-3 p-md-4d875\">\n                            <div\n                                class=\"product__link position-relative\">\n                                <div class=\"product__thumbnail\">\n                                    <a href=\"https:\/\/riebu.fr\/books\/9782346116386\/Les-Charmeuses---Paysages-des-bois-et-des-gr%C3%A8ves\"\n                                        class=\"d-block\">\n                                        <img src=\"\/storage\/books\/covers\/9782346116386.jpg\"\n                                            class=\"img-fluid d-block mx-auto attachment-shop_catalog size-shop_catalog wp-post-image img-fluid\"\n                                            alt=\"image-description\"><\/a>\n                                <\/div>\n                                <div class=\"product__body product__body pt-3 bg-white\">\n                                    <div class=\"text-uppercase font-size-1 mb-1 text-truncate text-center\">\n                                        <a\n                                            href=\"https:\/\/riebu.fr\/books\/9782346116386\/Les-Charmeuses---Paysages-des-bois-et-des-gr%C3%A8ves\">EPUB<\/a>\n                                    <\/div>\n                                    <h2\n                                        class=\"product__title product__title h6 text-lh-md mb-1 text-height-2 crop-text-2 h-dark\">\n                                        <a\n                                            href=\"https:\/\/riebu.fr\/books\/9782346116386\/Les-Charmeuses---Paysages-des-bois-et-des-gr%C3%A8ves\">\n                                            Les Charmeuses - Paysages des bois et des gr\u00e8ves\n                                        <\/a>\n                                    <\/h2>\n                                                                                                                <div class=\"font-size-2  mb-1 text-truncate\">\n                                            <a href=\"https:\/\/riebu.fr\/authors\/30180\" class=\"text-gray-700\">\n                                                Andr\u00e9 Lemoyne\n                                            <\/a>\n                                        <\/div>\n                                                                        \n                                    <div class=\"price d-flex align-items-center font-weight-medium font-size-3\">\n                                        <span class=\"woocommerce-Price-amount amount\">\n                                                                                            3,49EUR\n                                                                                    <\/span>\n                                    <\/div>\n                                                                        <div class=\"product__rating d-flex align-items-center font-size-2\">\n                                        <div class=\"text-yellow-darker mr-2\" title=\"0.0\">\n                                                                                                                                                                                    <small class=\"far fa-star\"><\/small>\n                                                                                            <small class=\"far fa-star\"><\/small>\n                                                                                            <small class=\"far fa-star\"><\/small>\n                                                                                            <small class=\"far fa-star\"><\/small>\n                                                                                            <small class=\"far fa-star\"><\/small>\n                                                                                    <\/div>\n                                        <div>(0)<\/div>\n                                    <\/div>\n                                <\/div>\n                                <div class=\"product__hover d-flex align-items-center\">\n                                                                                                                        <a href=\"javascript:\" data-target=\"44669\"\n                                                class=\"text-uppercase text-dark h-dark font-weight-medium mr-auto add-to-cart\"\n                                                title=\"Ajouter au panier\">\n                                                <span class=\"product__add-to-cart\">Ajouter au panier<\/span>\n                                                <span class=\"product__add-to-cart-icon font-size-4\">\n                                                    <i class=\"flaticon-icon-126515\"><\/i>\n                                                <\/span>\n                                            <\/a>\n                                                                                                                                                    \n                                <\/div>\n                            <\/div>\n                        <\/div>\n                    <\/li>\n                                                        <li class=\"product col\">\n                        <div class=\"product__inner overflow-hidden p-3 p-md-4d875\">\n                            <div\n                                class=\"product__link position-relative\">\n                                <div class=\"product__thumbnail\">\n                                    <a href=\"https:\/\/riebu.fr\/books\/9782346116348\/Le-Pays-d%27Annam---%C3%89tude-sur-l%27organisation-politique-et-sociale-des-Annamites\"\n                                        class=\"d-block\">\n                                        <img src=\"\/storage\/books\/covers\/9782346116348.jpg\"\n                                            class=\"img-fluid d-block mx-auto attachment-shop_catalog size-shop_catalog wp-post-image img-fluid\"\n                                            alt=\"image-description\"><\/a>\n                                <\/div>\n                                <div class=\"product__body product__body pt-3 bg-white\">\n                                    <div class=\"text-uppercase font-size-1 mb-1 text-truncate text-center\">\n                                        <a\n                                            href=\"https:\/\/riebu.fr\/books\/9782346116348\/Le-Pays-d%27Annam---%C3%89tude-sur-l%27organisation-politique-et-sociale-des-Annamites\">EPUB<\/a>\n                                    <\/div>\n                                    <h2\n                                        class=\"product__title product__title h6 text-lh-md mb-1 text-height-2 crop-text-2 h-dark\">\n                                        <a\n                                            href=\"https:\/\/riebu.fr\/books\/9782346116348\/Le-Pays-d%27Annam---%C3%89tude-sur-l%27organisation-politique-et-sociale-des-Annamites\">\n                                            Le Pays d&#039;Annam - \u00c9tude sur l&#039;organisation politique et sociale des Annamites\n                                        <\/a>\n                                    <\/h2>\n                                                                                                                <div class=\"font-size-2  mb-1 text-truncate\">\n                                            <a href=\"https:\/\/riebu.fr\/authors\/30181\" class=\"text-gray-700\">\n                                                \u00c9liacin Luro\n                                            <\/a>\n                                        <\/div>\n                                                                        \n                                    <div class=\"price d-flex align-items-center font-weight-medium font-size-3\">\n                                        <span class=\"woocommerce-Price-amount amount\">\n                                                                                            3,49EUR\n                                                                                    <\/span>\n                                    <\/div>\n                                                                        <div class=\"product__rating d-flex align-items-center font-size-2\">\n                                        <div class=\"text-yellow-darker mr-2\" title=\"0.0\">\n                                                                                                                                                                                    <small class=\"far fa-star\"><\/small>\n                                                                                            <small class=\"far fa-star\"><\/small>\n                                                                                            <small class=\"far fa-star\"><\/small>\n                                                                                            <small class=\"far fa-star\"><\/small>\n                                                                                            <small class=\"far fa-star\"><\/small>\n                                                                                    <\/div>\n                                        <div>(0)<\/div>\n                                    <\/div>\n                                <\/div>\n                                <div class=\"product__hover d-flex align-items-center\">\n                                                                                                                        <a href=\"javascript:\" data-target=\"44670\"\n                                                class=\"text-uppercase text-dark h-dark font-weight-medium mr-auto add-to-cart\"\n                                                title=\"Ajouter au panier\">\n                                                <span class=\"product__add-to-cart\">Ajouter au panier<\/span>\n                                                <span class=\"product__add-to-cart-icon font-size-4\">\n                                                    <i class=\"flaticon-icon-126515\"><\/i>\n                                                <\/span>\n                                            <\/a>\n                                                                                                                                                    \n                                <\/div>\n                            <\/div>\n                        <\/div>\n                    <\/li>\n                                                        <li class=\"product col\">\n                        <div class=\"product__inner overflow-hidden p-3 p-md-4d875\">\n                            <div\n                                class=\"product__link position-relative\">\n                                <div class=\"product__thumbnail\">\n                                    <a href=\"https:\/\/riebu.fr\/books\/9782346115860\/Patrie,-reine-des-f%C3%A9es---Projections-lumineuses\"\n                                        class=\"d-block\">\n                                        <img src=\"\/storage\/books\/covers\/9782346115860.jpg\"\n                                            class=\"img-fluid d-block mx-auto attachment-shop_catalog size-shop_catalog wp-post-image img-fluid\"\n                                            alt=\"image-description\"><\/a>\n                                <\/div>\n                                <div class=\"product__body product__body pt-3 bg-white\">\n                                    <div class=\"text-uppercase font-size-1 mb-1 text-truncate text-center\">\n                                        <a\n                                            href=\"https:\/\/riebu.fr\/books\/9782346115860\/Patrie,-reine-des-f%C3%A9es---Projections-lumineuses\">EPUB<\/a>\n                                    <\/div>\n                                    <h2\n                                        class=\"product__title product__title h6 text-lh-md mb-1 text-height-2 crop-text-2 h-dark\">\n                                        <a\n                                            href=\"https:\/\/riebu.fr\/books\/9782346115860\/Patrie,-reine-des-f%C3%A9es---Projections-lumineuses\">\n                                            Patrie, reine des f\u00e9es - Projections lumineuses\n                                        <\/a>\n                                    <\/h2>\n                                                                                                                <div class=\"font-size-2  mb-1 text-truncate\">\n                                            <a href=\"https:\/\/riebu.fr\/authors\/30182\" class=\"text-gray-700\">\n                                                Berthe Turrillot\n                                            <\/a>\n                                        <\/div>\n                                                                        \n                                    <div class=\"price d-flex align-items-center font-weight-medium font-size-3\">\n                                        <span class=\"woocommerce-Price-amount amount\">\n                                                                                            3,49EUR\n                                                                                    <\/span>\n                                    <\/div>\n                                                                        <div class=\"product__rating d-flex align-items-center font-size-2\">\n                                        <div class=\"text-yellow-darker mr-2\" title=\"0.0\">\n                                                                                                                                                                                    <small class=\"far fa-star\"><\/small>\n                                                                                            <small class=\"far fa-star\"><\/small>\n                                                                                            <small class=\"far fa-star\"><\/small>\n                                                                                            <small class=\"far fa-star\"><\/small>\n                                                                                            <small class=\"far fa-star\"><\/small>\n                                                                                    <\/div>\n                                        <div>(0)<\/div>\n                                    <\/div>\n                                <\/div>\n                                <div class=\"product__hover d-flex align-items-center\">\n                                                                                                                        <a href=\"javascript:\" data-target=\"44671\"\n                                                class=\"text-uppercase text-dark h-dark font-weight-medium mr-auto add-to-cart\"\n                                                title=\"Ajouter au panier\">\n                                                <span class=\"product__add-to-cart\">Ajouter au panier<\/span>\n                                                <span class=\"product__add-to-cart-icon font-size-4\">\n                                                    <i class=\"flaticon-icon-126515\"><\/i>\n                                                <\/span>\n                                            <\/a>\n                                                                                                                                                    \n                                <\/div>\n                            <\/div>\n                        <\/div>\n                    <\/li>\n                                                        <li class=\"product col\">\n                        <div class=\"product__inner overflow-hidden p-3 p-md-4d875\">\n                            <div\n                                class=\"product__link position-relative\">\n                                <div class=\"product__thumbnail\">\n                                    <a href=\"https:\/\/riebu.fr\/books\/9782346115747\/%C3%89tude-sur-les-progr%C3%A8s-de-la-civilisation-dans-la-r%C3%A9gence-de-Tunis\"\n                                        class=\"d-block\">\n                                        <img src=\"\/storage\/books\/covers\/9782346115747.jpg\"\n                                            class=\"img-fluid d-block mx-auto attachment-shop_catalog size-shop_catalog wp-post-image img-fluid\"\n                                            alt=\"image-description\"><\/a>\n                                <\/div>\n                                <div class=\"product__body product__body pt-3 bg-white\">\n                                    <div class=\"text-uppercase font-size-1 mb-1 text-truncate text-center\">\n                                        <a\n                                            href=\"https:\/\/riebu.fr\/books\/9782346115747\/%C3%89tude-sur-les-progr%C3%A8s-de-la-civilisation-dans-la-r%C3%A9gence-de-Tunis\">EPUB<\/a>\n                                    <\/div>\n                                    <h2\n                                        class=\"product__title product__title h6 text-lh-md mb-1 text-height-2 crop-text-2 h-dark\">\n                                        <a\n                                            href=\"https:\/\/riebu.fr\/books\/9782346115747\/%C3%89tude-sur-les-progr%C3%A8s-de-la-civilisation-dans-la-r%C3%A9gence-de-Tunis\">\n                                            \u00c9tude sur les progr\u00e8s de la civilisation dans la r\u00e9gence de Tunis\n                                        <\/a>\n                                    <\/h2>\n                                                                                                                <div class=\"font-size-2  mb-1 text-truncate\">\n                                            <a href=\"https:\/\/riebu.fr\/authors\/24692\" class=\"text-gray-700\">\n                                                \u00c9mile Cardon\n                                            <\/a>\n                                        <\/div>\n                                                                        \n                                    <div class=\"price d-flex align-items-center font-weight-medium font-size-3\">\n                                        <span class=\"woocommerce-Price-amount amount\">\n                                                                                            3,49EUR\n                                                                                    <\/span>\n                                    <\/div>\n                                                                        <div class=\"product__rating d-flex align-items-center font-size-2\">\n                                        <div class=\"text-yellow-darker mr-2\" title=\"0.0\">\n                                                                                                                                                                                    <small class=\"far fa-star\"><\/small>\n                                                                                            <small class=\"far fa-star\"><\/small>\n                                                                                            <small class=\"far fa-star\"><\/small>\n                                                                                            <small class=\"far fa-star\"><\/small>\n                                                                                            <small class=\"far fa-star\"><\/small>\n                                                                                    <\/div>\n                                        <div>(0)<\/div>\n                                    <\/div>\n                                <\/div>\n                                <div class=\"product__hover d-flex align-items-center\">\n                                                                                                                        <a href=\"javascript:\" data-target=\"44672\"\n                                                class=\"text-uppercase text-dark h-dark font-weight-medium mr-auto add-to-cart\"\n                                                title=\"Ajouter au panier\">\n                                                <span class=\"product__add-to-cart\">Ajouter au panier<\/span>\n                                                <span class=\"product__add-to-cart-icon font-size-4\">\n                                                    <i class=\"flaticon-icon-126515\"><\/i>\n                                                <\/span>\n                                            <\/a>\n                                                                                                                                                    \n                                <\/div>\n                            <\/div>\n                        <\/div>\n                    <\/li>\n                                                        <li class=\"product col\">\n                        <div class=\"product__inner overflow-hidden p-3 p-md-4d875\">\n                            <div\n                                class=\"product__link position-relative\">\n                                <div class=\"product__thumbnail\">\n                                    <a href=\"https:\/\/riebu.fr\/books\/9782346115723\/Au-pays-de-l%27Alperose\"\n                                        class=\"d-block\">\n                                        <img src=\"\/storage\/books\/covers\/9782346115723.jpg\"\n                                            class=\"img-fluid d-block mx-auto attachment-shop_catalog size-shop_catalog wp-post-image img-fluid\"\n                                            alt=\"image-description\"><\/a>\n                                <\/div>\n                                <div class=\"product__body product__body pt-3 bg-white\">\n                                    <div class=\"text-uppercase font-size-1 mb-1 text-truncate text-center\">\n                                        <a\n                                            href=\"https:\/\/riebu.fr\/books\/9782346115723\/Au-pays-de-l%27Alperose\">EPUB<\/a>\n                                    <\/div>\n                                    <h2\n                                        class=\"product__title product__title h6 text-lh-md mb-1 text-height-2 crop-text-2 h-dark\">\n                                        <a\n                                            href=\"https:\/\/riebu.fr\/books\/9782346115723\/Au-pays-de-l%27Alperose\">\n                                            Au pays de l&#039;Alperose\n                                        <\/a>\n                                    <\/h2>\n                                                                                                                <div class=\"font-size-2  mb-1 text-truncate\">\n                                            <a href=\"https:\/\/riebu.fr\/authors\/30183\" class=\"text-gray-700\">\n                                                Alphonse Levray\n                                            <\/a>\n                                        <\/div>\n                                                                        \n                                    <div class=\"price d-flex align-items-center font-weight-medium font-size-3\">\n                                        <span class=\"woocommerce-Price-amount amount\">\n                                                                                            3,49EUR\n                                                                                    <\/span>\n                                    <\/div>\n                                                                        <div class=\"product__rating d-flex align-items-center font-size-2\">\n                                        <div class=\"text-yellow-darker mr-2\" title=\"0.0\">\n                                                                                                                                                                                    <small class=\"far fa-star\"><\/small>\n                                                                                            <small class=\"far fa-star\"><\/small>\n                                                                                            <small class=\"far fa-star\"><\/small>\n                                                                                            <small class=\"far fa-star\"><\/small>\n                                                                                            <small class=\"far fa-star\"><\/small>\n                                                                                    <\/div>\n                                        <div>(0)<\/div>\n                                    <\/div>\n                                <\/div>\n                                <div class=\"product__hover d-flex align-items-center\">\n                                                                                                                        <a href=\"javascript:\" data-target=\"44673\"\n                                                class=\"text-uppercase text-dark h-dark font-weight-medium mr-auto add-to-cart\"\n                                                title=\"Ajouter au panier\">\n                                                <span class=\"product__add-to-cart\">Ajouter au panier<\/span>\n                                                <span class=\"product__add-to-cart-icon font-size-4\">\n                                                    <i class=\"flaticon-icon-126515\"><\/i>\n                                                <\/span>\n                                            <\/a>\n                                                                                                                                                    \n                                <\/div>\n                            <\/div>\n                        <\/div>\n                    <\/li>\n                                                        <li class=\"product col\">\n                        <div class=\"product__inner overflow-hidden p-3 p-md-4d875\">\n                            <div\n                                class=\"product__link position-relative\">\n                                <div class=\"product__thumbnail\">\n                                    <a href=\"https:\/\/riebu.fr\/books\/9782346115648\/L%27Aube-du-grand-jour---Po%C3%A8me\"\n                                        class=\"d-block\">\n                                        <img src=\"\/storage\/books\/covers\/9782346115648.jpg\"\n                                            class=\"img-fluid d-block mx-auto attachment-shop_catalog size-shop_catalog wp-post-image img-fluid\"\n                                            alt=\"image-description\"><\/a>\n                                <\/div>\n                                <div class=\"product__body product__body pt-3 bg-white\">\n                                    <div class=\"text-uppercase font-size-1 mb-1 text-truncate text-center\">\n                                        <a\n                                            href=\"https:\/\/riebu.fr\/books\/9782346115648\/L%27Aube-du-grand-jour---Po%C3%A8me\">EPUB<\/a>\n                                    <\/div>\n                                    <h2\n                                        class=\"product__title product__title h6 text-lh-md mb-1 text-height-2 crop-text-2 h-dark\">\n                                        <a\n                                            href=\"https:\/\/riebu.fr\/books\/9782346115648\/L%27Aube-du-grand-jour---Po%C3%A8me\">\n                                            L&#039;Aube du grand jour - Po\u00e8me\n                                        <\/a>\n                                    <\/h2>\n                                                                                                                <div class=\"font-size-2  mb-1 text-truncate\">\n                                            <a href=\"https:\/\/riebu.fr\/authors\/30184\" class=\"text-gray-700\">\n                                                Zygmunt Krasinski\n                                            <\/a>\n                                        <\/div>\n                                                                        \n                                    <div class=\"price d-flex align-items-center font-weight-medium font-size-3\">\n                                        <span class=\"woocommerce-Price-amount amount\">\n                                                                                            3,49EUR\n                                                                                    <\/span>\n                                    <\/div>\n                                                                        <div class=\"product__rating d-flex align-items-center font-size-2\">\n                                        <div class=\"text-yellow-darker mr-2\" title=\"0.0\">\n                                                                                                                                                                                    <small class=\"far fa-star\"><\/small>\n                                                                                            <small class=\"far fa-star\"><\/small>\n                                                                                            <small class=\"far fa-star\"><\/small>\n                                                                                            <small class=\"far fa-star\"><\/small>\n                                                                                            <small class=\"far fa-star\"><\/small>\n                                                                                    <\/div>\n                                        <div>(0)<\/div>\n                                    <\/div>\n                                <\/div>\n                                <div class=\"product__hover d-flex align-items-center\">\n                                                                                                                        <a href=\"javascript:\" data-target=\"44674\"\n                                                class=\"text-uppercase text-dark h-dark font-weight-medium mr-auto add-to-cart\"\n                                                title=\"Ajouter au panier\">\n                                                <span class=\"product__add-to-cart\">Ajouter au panier<\/span>\n                                                <span class=\"product__add-to-cart-icon font-size-4\">\n                                                    <i class=\"flaticon-icon-126515\"><\/i>\n                                                <\/span>\n                                            <\/a>\n                                                                                                                                                    \n                                <\/div>\n                            <\/div>\n                        <\/div>\n                    <\/li>\n                            <\/ul>\n                <!-- End Mockup Block -->\n    <\/div>\n    \n    <div class=\"tab-pane fade\" id=\"list-container\" role=\"tabpanel\" aria-labelledby=\"list-view\">\n                    <!-- Mockup Block -->\n            <ul class=\"products list-unstyled mb-6\" id=\"books_list_container\">\n                                                        <li class=\"product product__list\">\n                        <div class=\"product__inner overflow-hidden p-3 p-md-4d875\">\n                            <div\n                                class=\"product__link row position-relative\">\n                                <div class=\"col-md-auto product__thumbnail mb-3 mb-md-0\">\n                                    <a href=\"https:\/\/riebu.fr\/books\/9782346117086\/Notes-et-croquis-d%27Espagne---Burgos,-Avila,-Tol%C3%A8de,-Jean-de-Bourgogne\"\n                                        class=\"d-block\">\n                                        <img src=\"\/storage\/books\/covers\/9782346117086.jpg\"\n                                            class=\"img-fluid d-block mx-auto attachment-shop_catalog size-shop_catalog wp-post-image img-fluid\"\n                                            alt=\"image-description\">\n                                    <\/a>\n                                <\/div>\n                                <div\n                                    class=\"col-md product__body product__body pt-3 bg-white mb-3 mb-md-0\">\n                                    <div class=\"text-uppercase font-size-1 mb-1 text-truncate\">\n                                        <a\n                                            href=\"https:\/\/riebu.fr\/books\/9782346117086\/Notes-et-croquis-d%27Espagne---Burgos,-Avila,-Tol%C3%A8de,-Jean-de-Bourgogne\">EPUB<\/a>\n                                    <\/div>\n                                    <h2\n                                        class=\"product__title h6 text-lh-md mb-1 crop-text-2 h-dark\">\n                                        <a href=\"https:\/\/riebu.fr\/books\/9782346117086\/Notes-et-croquis-d%27Espagne---Burgos,-Avila,-Tol%C3%A8de,-Jean-de-Bourgogne\"\n                                            tabindex=\"0\">\n                                            Notes et croquis d&#039;Espagne - Burgos, Avila, Tol\u00e8de, Jean de Bourgogne\n                                        <\/a>\n                                    <\/h2>\n                                                                                                            \n                                        <div class=\"font-size-2  mb-2 text-truncate\">\n                                            <a href=\"https:\/\/riebu.fr\/authors\/30174\" class=\"text-gray-700\">\n                                                E.-Albert Babeau\n                                            <\/a>\n                                        <\/div>\n                                                                        <p class=\"font-size-2 mb-2 crop-text-2\">\n                                        La place Saint-Lesmes. \u2014 La cath\u00e9drale. \u2014 Le jardin sur la rivi\u00e8re. L\u2019acropole.A l\u2019Est de la ville, la petite place Saint-Lesmes est accueillante au voyageur fran\u00e7ais. Pourchass\u00e9 par le vent qui balaie les plateaux de Castille, il a err\u00e9 le long d...\n                                    <\/p>\n                                    <div class=\"price d-flex align-items-center font-weight-medium font-size-3\">\n                                        <span class=\"woocommerce-Price-amount amount\">\n                                                                                            \n                                                3,49EUR\n                                                                                    <\/span>\n                                    <\/div>\n                                                                        <div class=\"product__rating d-flex align-items-center font-size-2\">\n                                        <div class=\"text-yellow-darker mr-2\">\n                                                                                                                                                                                    <small class=\"far fa-star\"><\/small>\n                                                                                            <small class=\"far fa-star\"><\/small>\n                                                                                            <small class=\"far fa-star\"><\/small>\n                                                                                            <small class=\"far fa-star\"><\/small>\n                                                                                            <small class=\"far fa-star\"><\/small>\n                                                                                    <\/div>\n                                        <div class=\"\">(0)<\/div>\n                                    <\/div>\n                                <\/div>\n                                <div class=\"col-md-auto d-flex align-items-center\">\n                                                                            <a href=\"javascript:\" data-target=\"44665\"\n                                            class=\"text-uppercase text-dark h-dark font-weight-medium mr-4 add-to-cart\"\n                                            data-toggle=\"tooltip\" data-placement=\"right\" title=\"\"\n                                            data-original-title=\"ADD TO CART\">\n                                            <span class=\"product__add-to-cart\">Ajouter au panier<\/span>\n                                            <span class=\"product__add-to-cart-icon font-size-4\">\n                                                <i class=\"flaticon-icon-126515\"><\/i>\n                                            <\/span>\n                                        <\/a>\n                                                                                                        <\/div>\n                            <\/div>\n                        <\/div>\n                    <\/li>\n                                                        <li class=\"product product__list\">\n                        <div class=\"product__inner overflow-hidden p-3 p-md-4d875\">\n                            <div\n                                class=\"product__link row position-relative\">\n                                <div class=\"col-md-auto product__thumbnail mb-3 mb-md-0\">\n                                    <a href=\"https:\/\/riebu.fr\/books\/9782346116980\/De-l%27influence-de-la-guerre-d%27Espagne---Sur-l%27affermissement-de-la-dynastie-l%C3%A9gitime-et-de-la-monarchie-constitutionnelle-en-France\"\n                                        class=\"d-block\">\n                                        <img src=\"\/storage\/books\/covers\/9782346116980.jpg\"\n                                            class=\"img-fluid d-block mx-auto attachment-shop_catalog size-shop_catalog wp-post-image img-fluid\"\n                                            alt=\"image-description\">\n                                    <\/a>\n                                <\/div>\n                                <div\n                                    class=\"col-md product__body product__body pt-3 bg-white mb-3 mb-md-0\">\n                                    <div class=\"text-uppercase font-size-1 mb-1 text-truncate\">\n                                        <a\n                                            href=\"https:\/\/riebu.fr\/books\/9782346116980\/De-l%27influence-de-la-guerre-d%27Espagne---Sur-l%27affermissement-de-la-dynastie-l%C3%A9gitime-et-de-la-monarchie-constitutionnelle-en-France\">EPUB<\/a>\n                                    <\/div>\n                                    <h2\n                                        class=\"product__title h6 text-lh-md mb-1 crop-text-2 h-dark\">\n                                        <a href=\"https:\/\/riebu.fr\/books\/9782346116980\/De-l%27influence-de-la-guerre-d%27Espagne---Sur-l%27affermissement-de-la-dynastie-l%C3%A9gitime-et-de-la-monarchie-constitutionnelle-en-France\"\n                                            tabindex=\"0\">\n                                            De l&#039;influence de la guerre d&#039;Espagne - Sur l&#039;affermissement de la dynastie l\u00e9gitime et de la monarchie constitutionnelle en France\n                                        <\/a>\n                                    <\/h2>\n                                                                                                            \n                                        <div class=\"font-size-2  mb-2 text-truncate\">\n                                            <a href=\"https:\/\/riebu.fr\/authors\/30177\" class=\"text-gray-700\">\n                                                Jean-Baptiste-Louis-Joseph Billecocq\n                                            <\/a>\n                                        <\/div>\n                                                                        <p class=\"font-size-2 mb-2 crop-text-2\">\n                                        A l\u2019\u00e9poque o\u00f9 le Gouvernement fran\u00e7ais eut reconnu que la guerre avec les oppresseurs de l\u2019Espagne et de son Roi ne pouvait \u00eatre \u00e9vit\u00e9e, sa r\u00e9solution de la faire trouva des apologistes et des contradicteurs.Les motifs, il faut l\u2019avouer, ne manqu\u00e8...\n                                    <\/p>\n                                    <div class=\"price d-flex align-items-center font-weight-medium font-size-3\">\n                                        <span class=\"woocommerce-Price-amount amount\">\n                                                                                            \n                                                3,49EUR\n                                                                                    <\/span>\n                                    <\/div>\n                                                                        <div class=\"product__rating d-flex align-items-center font-size-2\">\n                                        <div class=\"text-yellow-darker mr-2\">\n                                                                                                                                                                                    <small class=\"far fa-star\"><\/small>\n                                                                                            <small class=\"far fa-star\"><\/small>\n                                                                                            <small class=\"far fa-star\"><\/small>\n                                                                                            <small class=\"far fa-star\"><\/small>\n                                                                                            <small class=\"far fa-star\"><\/small>\n                                                                                    <\/div>\n                                        <div class=\"\">(0)<\/div>\n                                    <\/div>\n                                <\/div>\n                                <div class=\"col-md-auto d-flex align-items-center\">\n                                                                            <a href=\"javascript:\" data-target=\"44666\"\n                                            class=\"text-uppercase text-dark h-dark font-weight-medium mr-4 add-to-cart\"\n                                            data-toggle=\"tooltip\" data-placement=\"right\" title=\"\"\n                                            data-original-title=\"ADD TO CART\">\n                                            <span class=\"product__add-to-cart\">Ajouter au panier<\/span>\n                                            <span class=\"product__add-to-cart-icon font-size-4\">\n                                                <i class=\"flaticon-icon-126515\"><\/i>\n                                            <\/span>\n                                        <\/a>\n                                                                                                        <\/div>\n                            <\/div>\n                        <\/div>\n                    <\/li>\n                                                        <li class=\"product product__list\">\n                        <div class=\"product__inner overflow-hidden p-3 p-md-4d875\">\n                            <div\n                                class=\"product__link row position-relative\">\n                                <div class=\"col-md-auto product__thumbnail mb-3 mb-md-0\">\n                                    <a href=\"https:\/\/riebu.fr\/books\/9782346116867\/L%27Arbitrage-international-est-contraire-%C3%A0-nos-m%C5%93urs\"\n                                        class=\"d-block\">\n                                        <img src=\"\/storage\/books\/covers\/9782346116867.jpg\"\n                                            class=\"img-fluid d-block mx-auto attachment-shop_catalog size-shop_catalog wp-post-image img-fluid\"\n                                            alt=\"image-description\">\n                                    <\/a>\n                                <\/div>\n                                <div\n                                    class=\"col-md product__body product__body pt-3 bg-white mb-3 mb-md-0\">\n                                    <div class=\"text-uppercase font-size-1 mb-1 text-truncate\">\n                                        <a\n                                            href=\"https:\/\/riebu.fr\/books\/9782346116867\/L%27Arbitrage-international-est-contraire-%C3%A0-nos-m%C5%93urs\">EPUB<\/a>\n                                    <\/div>\n                                    <h2\n                                        class=\"product__title h6 text-lh-md mb-1 crop-text-2 h-dark\">\n                                        <a href=\"https:\/\/riebu.fr\/books\/9782346116867\/L%27Arbitrage-international-est-contraire-%C3%A0-nos-m%C5%93urs\"\n                                            tabindex=\"0\">\n                                            L&#039;Arbitrage international est contraire \u00e0 nos m\u0153urs\n                                        <\/a>\n                                    <\/h2>\n                                                                                                            \n                                        <div class=\"font-size-2  mb-2 text-truncate\">\n                                            <a href=\"https:\/\/riebu.fr\/authors\/30178\" class=\"text-gray-700\">\n                                                Paul Mabille\n                                            <\/a>\n                                        <\/div>\n                                                                        <p class=\"font-size-2 mb-2 crop-text-2\">\n                                        S\u2019il est vrai que les XVIIIe et XIXe si\u00e8cles aient commenc\u00e9 et fini dans le sang, toutefois, des perspectives de paix apparaissent au seuil du vingti\u00e8me si\u00e8cle. Renoncerons-nous \u00e0 l\u2019h\u00e9ritage de haines que nous ont l\u00e9gu\u00e9 nos anc\u00eatres ? L\u2019homme arri...\n                                    <\/p>\n                                    <div class=\"price d-flex align-items-center font-weight-medium font-size-3\">\n                                        <span class=\"woocommerce-Price-amount amount\">\n                                                                                            \n                                                3,49EUR\n                                                                                    <\/span>\n                                    <\/div>\n                                                                        <div class=\"product__rating d-flex align-items-center font-size-2\">\n                                        <div class=\"text-yellow-darker mr-2\">\n                                                                                                                                                                                    <small class=\"far fa-star\"><\/small>\n                                                                                            <small class=\"far fa-star\"><\/small>\n                                                                                            <small class=\"far fa-star\"><\/small>\n                                                                                            <small class=\"far fa-star\"><\/small>\n                                                                                            <small class=\"far fa-star\"><\/small>\n                                                                                    <\/div>\n                                        <div class=\"\">(0)<\/div>\n                                    <\/div>\n                                <\/div>\n                                <div class=\"col-md-auto d-flex align-items-center\">\n                                                                            <a href=\"javascript:\" data-target=\"44667\"\n                                            class=\"text-uppercase text-dark h-dark font-weight-medium mr-4 add-to-cart\"\n                                            data-toggle=\"tooltip\" data-placement=\"right\" title=\"\"\n                                            data-original-title=\"ADD TO CART\">\n                                            <span class=\"product__add-to-cart\">Ajouter au panier<\/span>\n                                            <span class=\"product__add-to-cart-icon font-size-4\">\n                                                <i class=\"flaticon-icon-126515\"><\/i>\n                                            <\/span>\n                                        <\/a>\n                                                                                                        <\/div>\n                            <\/div>\n                        <\/div>\n                    <\/li>\n                                                        <li class=\"product product__list\">\n                        <div class=\"product__inner overflow-hidden p-3 p-md-4d875\">\n                            <div\n                                class=\"product__link row position-relative\">\n                                <div class=\"col-md-auto product__thumbnail mb-3 mb-md-0\">\n                                    <a href=\"https:\/\/riebu.fr\/books\/9782346116447\/Les-Po%C3%A9sies-de-l%27%C3%A2ge-m%C3%BBr\"\n                                        class=\"d-block\">\n                                        <img src=\"\/storage\/books\/covers\/9782346116447.jpg\"\n                                            class=\"img-fluid d-block mx-auto attachment-shop_catalog size-shop_catalog wp-post-image img-fluid\"\n                                            alt=\"image-description\">\n                                    <\/a>\n                                <\/div>\n                                <div\n                                    class=\"col-md product__body product__body pt-3 bg-white mb-3 mb-md-0\">\n                                    <div class=\"text-uppercase font-size-1 mb-1 text-truncate\">\n                                        <a\n                                            href=\"https:\/\/riebu.fr\/books\/9782346116447\/Les-Po%C3%A9sies-de-l%27%C3%A2ge-m%C3%BBr\">EPUB<\/a>\n                                    <\/div>\n                                    <h2\n                                        class=\"product__title h6 text-lh-md mb-1 crop-text-2 h-dark\">\n                                        <a href=\"https:\/\/riebu.fr\/books\/9782346116447\/Les-Po%C3%A9sies-de-l%27%C3%A2ge-m%C3%BBr\"\n                                            tabindex=\"0\">\n                                            Les Po\u00e9sies de l&#039;\u00e2ge m\u00fbr\n                                        <\/a>\n                                    <\/h2>\n                                                                                                            \n                                        <div class=\"font-size-2  mb-2 text-truncate\">\n                                            <a href=\"https:\/\/riebu.fr\/authors\/30179\" class=\"text-gray-700\">\n                                                \u00c9lie Dupin\n                                            <\/a>\n                                        <\/div>\n                                                                        <p class=\"font-size-2 mb-2 crop-text-2\">\n                                        A l\u2019heure o\u00f9 le sommeil semble encha\u00eener la vie,Loin du monde et de son chaos, Dans le silence et le repos,Si je vais promener ma douce r\u00eaverie, On dirait que la nuit m\u2019invite \u00e0 la chanter,Quand ses ombres m\u00e9lancoliques Donnent des couleurs po\u00e9tiq...\n                                    <\/p>\n                                    <div class=\"price d-flex align-items-center font-weight-medium font-size-3\">\n                                        <span class=\"woocommerce-Price-amount amount\">\n                                                                                            \n                                                3,49EUR\n                                                                                    <\/span>\n                                    <\/div>\n                                                                        <div class=\"product__rating d-flex align-items-center font-size-2\">\n                                        <div class=\"text-yellow-darker mr-2\">\n                                                                                                                                                                                    <small class=\"far fa-star\"><\/small>\n                                                                                            <small class=\"far fa-star\"><\/small>\n                                                                                            <small class=\"far fa-star\"><\/small>\n                                                                                            <small class=\"far fa-star\"><\/small>\n                                                                                            <small class=\"far fa-star\"><\/small>\n                                                                                    <\/div>\n                                        <div class=\"\">(0)<\/div>\n                                    <\/div>\n                                <\/div>\n                                <div class=\"col-md-auto d-flex align-items-center\">\n                                                                            <a href=\"javascript:\" data-target=\"44668\"\n                                            class=\"text-uppercase text-dark h-dark font-weight-medium mr-4 add-to-cart\"\n                                            data-toggle=\"tooltip\" data-placement=\"right\" title=\"\"\n                                            data-original-title=\"ADD TO CART\">\n                                            <span class=\"product__add-to-cart\">Ajouter au panier<\/span>\n                                            <span class=\"product__add-to-cart-icon font-size-4\">\n                                                <i class=\"flaticon-icon-126515\"><\/i>\n                                            <\/span>\n                                        <\/a>\n                                                                                                        <\/div>\n                            <\/div>\n                        <\/div>\n                    <\/li>\n                                                        <li class=\"product product__list\">\n                        <div class=\"product__inner overflow-hidden p-3 p-md-4d875\">\n                            <div\n                                class=\"product__link row position-relative\">\n                                <div class=\"col-md-auto product__thumbnail mb-3 mb-md-0\">\n                                    <a href=\"https:\/\/riebu.fr\/books\/9782346116386\/Les-Charmeuses---Paysages-des-bois-et-des-gr%C3%A8ves\"\n                                        class=\"d-block\">\n                                        <img src=\"\/storage\/books\/covers\/9782346116386.jpg\"\n                                            class=\"img-fluid d-block mx-auto attachment-shop_catalog size-shop_catalog wp-post-image img-fluid\"\n                                            alt=\"image-description\">\n                                    <\/a>\n                                <\/div>\n                                <div\n                                    class=\"col-md product__body product__body pt-3 bg-white mb-3 mb-md-0\">\n                                    <div class=\"text-uppercase font-size-1 mb-1 text-truncate\">\n                                        <a\n                                            href=\"https:\/\/riebu.fr\/books\/9782346116386\/Les-Charmeuses---Paysages-des-bois-et-des-gr%C3%A8ves\">EPUB<\/a>\n                                    <\/div>\n                                    <h2\n                                        class=\"product__title h6 text-lh-md mb-1 crop-text-2 h-dark\">\n                                        <a href=\"https:\/\/riebu.fr\/books\/9782346116386\/Les-Charmeuses---Paysages-des-bois-et-des-gr%C3%A8ves\"\n                                            tabindex=\"0\">\n                                            Les Charmeuses - Paysages des bois et des gr\u00e8ves\n                                        <\/a>\n                                    <\/h2>\n                                                                                                            \n                                        <div class=\"font-size-2  mb-2 text-truncate\">\n                                            <a href=\"https:\/\/riebu.fr\/authors\/30180\" class=\"text-gray-700\">\n                                                Andr\u00e9 Lemoyne\n                                            <\/a>\n                                        <\/div>\n                                                                        <p class=\"font-size-2 mb-2 crop-text-2\">\n                                        A Jules Claretie.O filles de la mer, loin des bords \u00e9gar\u00e9es, Quand les flots s\u2019empourpraient aux lueurs du couchante Nous avons entendu votre merveilleux chant \u00c9panouir en ch\u0153ur ses voix enamour\u00e9es.Mais nous sommes en vain de robustes nageurs : No...\n                                    <\/p>\n                                    <div class=\"price d-flex align-items-center font-weight-medium font-size-3\">\n                                        <span class=\"woocommerce-Price-amount amount\">\n                                                                                            \n                                                3,49EUR\n                                                                                    <\/span>\n                                    <\/div>\n                                                                        <div class=\"product__rating d-flex align-items-center font-size-2\">\n                                        <div class=\"text-yellow-darker mr-2\">\n                                                                                                                                                                                    <small class=\"far fa-star\"><\/small>\n                                                                                            <small class=\"far fa-star\"><\/small>\n                                                                                            <small class=\"far fa-star\"><\/small>\n                                                                                            <small class=\"far fa-star\"><\/small>\n                                                                                            <small class=\"far fa-star\"><\/small>\n                                                                                    <\/div>\n                                        <div class=\"\">(0)<\/div>\n                                    <\/div>\n                                <\/div>\n                                <div class=\"col-md-auto d-flex align-items-center\">\n                                                                            <a href=\"javascript:\" data-target=\"44669\"\n                                            class=\"text-uppercase text-dark h-dark font-weight-medium mr-4 add-to-cart\"\n                                            data-toggle=\"tooltip\" data-placement=\"right\" title=\"\"\n                                            data-original-title=\"ADD TO CART\">\n                                            <span class=\"product__add-to-cart\">Ajouter au panier<\/span>\n                                            <span class=\"product__add-to-cart-icon font-size-4\">\n                                                <i class=\"flaticon-icon-126515\"><\/i>\n                                            <\/span>\n                                        <\/a>\n                                                                                                        <\/div>\n                            <\/div>\n                        <\/div>\n                    <\/li>\n                                                        <li class=\"product product__list\">\n                        <div class=\"product__inner overflow-hidden p-3 p-md-4d875\">\n                            <div\n                                class=\"product__link row position-relative\">\n                                <div class=\"col-md-auto product__thumbnail mb-3 mb-md-0\">\n                                    <a href=\"https:\/\/riebu.fr\/books\/9782346116348\/Le-Pays-d%27Annam---%C3%89tude-sur-l%27organisation-politique-et-sociale-des-Annamites\"\n                                        class=\"d-block\">\n                                        <img src=\"\/storage\/books\/covers\/9782346116348.jpg\"\n                                            class=\"img-fluid d-block mx-auto attachment-shop_catalog size-shop_catalog wp-post-image img-fluid\"\n                                            alt=\"image-description\">\n                                    <\/a>\n                                <\/div>\n                                <div\n                                    class=\"col-md product__body product__body pt-3 bg-white mb-3 mb-md-0\">\n                                    <div class=\"text-uppercase font-size-1 mb-1 text-truncate\">\n                                        <a\n                                            href=\"https:\/\/riebu.fr\/books\/9782346116348\/Le-Pays-d%27Annam---%C3%89tude-sur-l%27organisation-politique-et-sociale-des-Annamites\">EPUB<\/a>\n                                    <\/div>\n                                    <h2\n                                        class=\"product__title h6 text-lh-md mb-1 crop-text-2 h-dark\">\n                                        <a href=\"https:\/\/riebu.fr\/books\/9782346116348\/Le-Pays-d%27Annam---%C3%89tude-sur-l%27organisation-politique-et-sociale-des-Annamites\"\n                                            tabindex=\"0\">\n                                            Le Pays d&#039;Annam - \u00c9tude sur l&#039;organisation politique et sociale des Annamites\n                                        <\/a>\n                                    <\/h2>\n                                                                                                            \n                                        <div class=\"font-size-2  mb-2 text-truncate\">\n                                            <a href=\"https:\/\/riebu.fr\/authors\/30181\" class=\"text-gray-700\">\n                                                \u00c9liacin Luro\n                                            <\/a>\n                                        <\/div>\n                                                                        <p class=\"font-size-2 mb-2 crop-text-2\">\n                                        Entre l\u2019Hindoustan et la Chine, au sud-est de l\u2019Asie, s\u2019allonge la p\u00e9ninsule de l\u2019Indo-Chine, baign\u00e9e \u00e0 l\u2019ouest par le golfe du Bengale et \u00e0 l\u2019est par la mer de Chine. L\u2019extr\u00e9mit\u00e9 de la p\u00e9ninsule est termin\u00e9e par deux pointes : l\u2019une, la presqu\u2019\u00eel...\n                                    <\/p>\n                                    <div class=\"price d-flex align-items-center font-weight-medium font-size-3\">\n                                        <span class=\"woocommerce-Price-amount amount\">\n                                                                                            \n                                                3,49EUR\n                                                                                    <\/span>\n                                    <\/div>\n                                                                        <div class=\"product__rating d-flex align-items-center font-size-2\">\n                                        <div class=\"text-yellow-darker mr-2\">\n                                                                                                                                                                                    <small class=\"far fa-star\"><\/small>\n                                                                                            <small class=\"far fa-star\"><\/small>\n                                                                                            <small class=\"far fa-star\"><\/small>\n                                                                                            <small class=\"far fa-star\"><\/small>\n                                                                                            <small class=\"far fa-star\"><\/small>\n                                                                                    <\/div>\n                                        <div class=\"\">(0)<\/div>\n                                    <\/div>\n                                <\/div>\n                                <div class=\"col-md-auto d-flex align-items-center\">\n                                                                            <a href=\"javascript:\" data-target=\"44670\"\n                                            class=\"text-uppercase text-dark h-dark font-weight-medium mr-4 add-to-cart\"\n                                            data-toggle=\"tooltip\" data-placement=\"right\" title=\"\"\n                                            data-original-title=\"ADD TO CART\">\n                                            <span class=\"product__add-to-cart\">Ajouter au panier<\/span>\n                                            <span class=\"product__add-to-cart-icon font-size-4\">\n                                                <i class=\"flaticon-icon-126515\"><\/i>\n                                            <\/span>\n                                        <\/a>\n                                                                                                        <\/div>\n                            <\/div>\n                        <\/div>\n                    <\/li>\n                                                        <li class=\"product product__list\">\n                        <div class=\"product__inner overflow-hidden p-3 p-md-4d875\">\n                            <div\n                                class=\"product__link row position-relative\">\n                                <div class=\"col-md-auto product__thumbnail mb-3 mb-md-0\">\n                                    <a href=\"https:\/\/riebu.fr\/books\/9782346115860\/Patrie,-reine-des-f%C3%A9es---Projections-lumineuses\"\n                                        class=\"d-block\">\n                                        <img src=\"\/storage\/books\/covers\/9782346115860.jpg\"\n                                            class=\"img-fluid d-block mx-auto attachment-shop_catalog size-shop_catalog wp-post-image img-fluid\"\n                                            alt=\"image-description\">\n                                    <\/a>\n                                <\/div>\n                                <div\n                                    class=\"col-md product__body product__body pt-3 bg-white mb-3 mb-md-0\">\n                                    <div class=\"text-uppercase font-size-1 mb-1 text-truncate\">\n                                        <a\n                                            href=\"https:\/\/riebu.fr\/books\/9782346115860\/Patrie,-reine-des-f%C3%A9es---Projections-lumineuses\">EPUB<\/a>\n                                    <\/div>\n                                    <h2\n                                        class=\"product__title h6 text-lh-md mb-1 crop-text-2 h-dark\">\n                                        <a href=\"https:\/\/riebu.fr\/books\/9782346115860\/Patrie,-reine-des-f%C3%A9es---Projections-lumineuses\"\n                                            tabindex=\"0\">\n                                            Patrie, reine des f\u00e9es - Projections lumineuses\n                                        <\/a>\n                                    <\/h2>\n                                                                                                            \n                                        <div class=\"font-size-2  mb-2 text-truncate\">\n                                            <a href=\"https:\/\/riebu.fr\/authors\/30182\" class=\"text-gray-700\">\n                                                Berthe Turrillot\n                                            <\/a>\n                                        <\/div>\n                                                                        <p class=\"font-size-2 mb-2 crop-text-2\">\n                                        \u00ab Voyons, P\u00e8re No\u00ebl, dites-nous vite o\u00f9 sont all\u00e9s les six colis que nous avons envoy\u00e9s en France ? \u2014 Rappelez-moi ce qu\u2019ils renfermaient et je chercherai sur ma liste. Il y en avait tellement ! Je suis tr\u00e8s \u00e2g\u00e9, ma m\u00e9moire ne suffit plus. D\u2019aille...\n                                    <\/p>\n                                    <div class=\"price d-flex align-items-center font-weight-medium font-size-3\">\n                                        <span class=\"woocommerce-Price-amount amount\">\n                                                                                            \n                                                3,49EUR\n                                                                                    <\/span>\n                                    <\/div>\n                                                                        <div class=\"product__rating d-flex align-items-center font-size-2\">\n                                        <div class=\"text-yellow-darker mr-2\">\n                                                                                                                                                                                    <small class=\"far fa-star\"><\/small>\n                                                                                            <small class=\"far fa-star\"><\/small>\n                                                                                            <small class=\"far fa-star\"><\/small>\n                                                                                            <small class=\"far fa-star\"><\/small>\n                                                                                            <small class=\"far fa-star\"><\/small>\n                                                                                    <\/div>\n                                        <div class=\"\">(0)<\/div>\n                                    <\/div>\n                                <\/div>\n                                <div class=\"col-md-auto d-flex align-items-center\">\n                                                                            <a href=\"javascript:\" data-target=\"44671\"\n                                            class=\"text-uppercase text-dark h-dark font-weight-medium mr-4 add-to-cart\"\n                                            data-toggle=\"tooltip\" data-placement=\"right\" title=\"\"\n                                            data-original-title=\"ADD TO CART\">\n                                            <span class=\"product__add-to-cart\">Ajouter au panier<\/span>\n                                            <span class=\"product__add-to-cart-icon font-size-4\">\n                                                <i class=\"flaticon-icon-126515\"><\/i>\n                                            <\/span>\n                                        <\/a>\n                                                                                                        <\/div>\n                            <\/div>\n                        <\/div>\n                    <\/li>\n                                                        <li class=\"product product__list\">\n                        <div class=\"product__inner overflow-hidden p-3 p-md-4d875\">\n                            <div\n                                class=\"product__link row position-relative\">\n                                <div class=\"col-md-auto product__thumbnail mb-3 mb-md-0\">\n                                    <a href=\"https:\/\/riebu.fr\/books\/9782346115747\/%C3%89tude-sur-les-progr%C3%A8s-de-la-civilisation-dans-la-r%C3%A9gence-de-Tunis\"\n                                        class=\"d-block\">\n                                        <img src=\"\/storage\/books\/covers\/9782346115747.jpg\"\n                                            class=\"img-fluid d-block mx-auto attachment-shop_catalog size-shop_catalog wp-post-image img-fluid\"\n                                            alt=\"image-description\">\n                                    <\/a>\n                                <\/div>\n                                <div\n                                    class=\"col-md product__body product__body pt-3 bg-white mb-3 mb-md-0\">\n                                    <div class=\"text-uppercase font-size-1 mb-1 text-truncate\">\n                                        <a\n                                            href=\"https:\/\/riebu.fr\/books\/9782346115747\/%C3%89tude-sur-les-progr%C3%A8s-de-la-civilisation-dans-la-r%C3%A9gence-de-Tunis\">EPUB<\/a>\n                                    <\/div>\n                                    <h2\n                                        class=\"product__title h6 text-lh-md mb-1 crop-text-2 h-dark\">\n                                        <a href=\"https:\/\/riebu.fr\/books\/9782346115747\/%C3%89tude-sur-les-progr%C3%A8s-de-la-civilisation-dans-la-r%C3%A9gence-de-Tunis\"\n                                            tabindex=\"0\">\n                                            \u00c9tude sur les progr\u00e8s de la civilisation dans la r\u00e9gence de Tunis\n                                        <\/a>\n                                    <\/h2>\n                                                                                                            \n                                        <div class=\"font-size-2  mb-2 text-truncate\">\n                                            <a href=\"https:\/\/riebu.fr\/authors\/24692\" class=\"text-gray-700\">\n                                                \u00c9mile Cardon\n                                            <\/a>\n                                        <\/div>\n                                                                        <p class=\"font-size-2 mb-2 crop-text-2\">\n                                        Il est des contr\u00e9es pr\u00e9destin\u00e9es, en quelque sorte ; Tunis en est une. Aussi loin qu\u2019on remonte le cours de son histoire, \u2014 et apr\u00e8s les n\u00e9cropoles \u00e9gyptiennes, c\u2019est la plus ancienne des villes du littoral africain, \u2014 Tunis appara\u00eet soit comme un...\n                                    <\/p>\n                                    <div class=\"price d-flex align-items-center font-weight-medium font-size-3\">\n                                        <span class=\"woocommerce-Price-amount amount\">\n                                                                                            \n                                                3,49EUR\n                                                                                    <\/span>\n                                    <\/div>\n                                                                        <div class=\"product__rating d-flex align-items-center font-size-2\">\n                                        <div class=\"text-yellow-darker mr-2\">\n                                                                                                                                                                                    <small class=\"far fa-star\"><\/small>\n                                                                                            <small class=\"far fa-star\"><\/small>\n                                                                                            <small class=\"far fa-star\"><\/small>\n                                                                                            <small class=\"far fa-star\"><\/small>\n                                                                                            <small class=\"far fa-star\"><\/small>\n                                                                                    <\/div>\n                                        <div class=\"\">(0)<\/div>\n                                    <\/div>\n                                <\/div>\n                                <div class=\"col-md-auto d-flex align-items-center\">\n                                                                            <a href=\"javascript:\" data-target=\"44672\"\n                                            class=\"text-uppercase text-dark h-dark font-weight-medium mr-4 add-to-cart\"\n                                            data-toggle=\"tooltip\" data-placement=\"right\" title=\"\"\n                                            data-original-title=\"ADD TO CART\">\n                                            <span class=\"product__add-to-cart\">Ajouter au panier<\/span>\n                                            <span class=\"product__add-to-cart-icon font-size-4\">\n                                                <i class=\"flaticon-icon-126515\"><\/i>\n                                            <\/span>\n                                        <\/a>\n                                                                                                        <\/div>\n                            <\/div>\n                        <\/div>\n                    <\/li>\n                                                        <li class=\"product product__list\">\n                        <div class=\"product__inner overflow-hidden p-3 p-md-4d875\">\n                            <div\n                                class=\"product__link row position-relative\">\n                                <div class=\"col-md-auto product__thumbnail mb-3 mb-md-0\">\n                                    <a href=\"https:\/\/riebu.fr\/books\/9782346115723\/Au-pays-de-l%27Alperose\"\n                                        class=\"d-block\">\n                                        <img src=\"\/storage\/books\/covers\/9782346115723.jpg\"\n                                            class=\"img-fluid d-block mx-auto attachment-shop_catalog size-shop_catalog wp-post-image img-fluid\"\n                                            alt=\"image-description\">\n                                    <\/a>\n                                <\/div>\n                                <div\n                                    class=\"col-md product__body product__body pt-3 bg-white mb-3 mb-md-0\">\n                                    <div class=\"text-uppercase font-size-1 mb-1 text-truncate\">\n                                        <a\n                                            href=\"https:\/\/riebu.fr\/books\/9782346115723\/Au-pays-de-l%27Alperose\">EPUB<\/a>\n                                    <\/div>\n                                    <h2\n                                        class=\"product__title h6 text-lh-md mb-1 crop-text-2 h-dark\">\n                                        <a href=\"https:\/\/riebu.fr\/books\/9782346115723\/Au-pays-de-l%27Alperose\"\n                                            tabindex=\"0\">\n                                            Au pays de l&#039;Alperose\n                                        <\/a>\n                                    <\/h2>\n                                                                                                            \n                                        <div class=\"font-size-2  mb-2 text-truncate\">\n                                            <a href=\"https:\/\/riebu.fr\/authors\/30183\" class=\"text-gray-700\">\n                                                Alphonse Levray\n                                            <\/a>\n                                        <\/div>\n                                                                        <p class=\"font-size-2 mb-2 crop-text-2\">\n                                        Dans la haute r\u00e9gion sillonn\u00e9e par les ramifications des Alpes helv\u00e9tiques, au pays des Grisons, si pittoresque et si rempli de contrastes, o\u00f9 l\u2019on passe en quelques heures sous les climats les plus oppos\u00e9s, o\u00f9 trop souvent la plus riche v\u00e9g\u00e9tatio...\n                                    <\/p>\n                                    <div class=\"price d-flex align-items-center font-weight-medium font-size-3\">\n                                        <span class=\"woocommerce-Price-amount amount\">\n                                                                                            \n                                                3,49EUR\n                                                                                    <\/span>\n                                    <\/div>\n                                                                        <div class=\"product__rating d-flex align-items-center font-size-2\">\n                                        <div class=\"text-yellow-darker mr-2\">\n                                                                                                                                                                                    <small class=\"far fa-star\"><\/small>\n                                                                                            <small class=\"far fa-star\"><\/small>\n                                                                                            <small class=\"far fa-star\"><\/small>\n                                                                                            <small class=\"far fa-star\"><\/small>\n                                                                                            <small class=\"far fa-star\"><\/small>\n                                                                                    <\/div>\n                                        <div class=\"\">(0)<\/div>\n                                    <\/div>\n                                <\/div>\n                                <div class=\"col-md-auto d-flex align-items-center\">\n                                                                            <a href=\"javascript:\" data-target=\"44673\"\n                                            class=\"text-uppercase text-dark h-dark font-weight-medium mr-4 add-to-cart\"\n                                            data-toggle=\"tooltip\" data-placement=\"right\" title=\"\"\n                                            data-original-title=\"ADD TO CART\">\n                                            <span class=\"product__add-to-cart\">Ajouter au panier<\/span>\n                                            <span class=\"product__add-to-cart-icon font-size-4\">\n                                                <i class=\"flaticon-icon-126515\"><\/i>\n                                            <\/span>\n                                        <\/a>\n                                                                                                        <\/div>\n                            <\/div>\n                        <\/div>\n                    <\/li>\n                                                        <li class=\"product product__list\">\n                        <div class=\"product__inner overflow-hidden p-3 p-md-4d875\">\n                            <div\n                                class=\"product__link row position-relative\">\n                                <div class=\"col-md-auto product__thumbnail mb-3 mb-md-0\">\n                                    <a href=\"https:\/\/riebu.fr\/books\/9782346115648\/L%27Aube-du-grand-jour---Po%C3%A8me\"\n                                        class=\"d-block\">\n                                        <img src=\"\/storage\/books\/covers\/9782346115648.jpg\"\n                                            class=\"img-fluid d-block mx-auto attachment-shop_catalog size-shop_catalog wp-post-image img-fluid\"\n                                            alt=\"image-description\">\n                                    <\/a>\n                                <\/div>\n                                <div\n                                    class=\"col-md product__body product__body pt-3 bg-white mb-3 mb-md-0\">\n                                    <div class=\"text-uppercase font-size-1 mb-1 text-truncate\">\n                                        <a\n                                            href=\"https:\/\/riebu.fr\/books\/9782346115648\/L%27Aube-du-grand-jour---Po%C3%A8me\">EPUB<\/a>\n                                    <\/div>\n                                    <h2\n                                        class=\"product__title h6 text-lh-md mb-1 crop-text-2 h-dark\">\n                                        <a href=\"https:\/\/riebu.fr\/books\/9782346115648\/L%27Aube-du-grand-jour---Po%C3%A8me\"\n                                            tabindex=\"0\">\n                                            L&#039;Aube du grand jour - Po\u00e8me\n                                        <\/a>\n                                    <\/h2>\n                                                                                                            \n                                        <div class=\"font-size-2  mb-2 text-truncate\">\n                                            <a href=\"https:\/\/riebu.fr\/authors\/30184\" class=\"text-gray-700\">\n                                                Zygmunt Krasinski\n                                            <\/a>\n                                        <\/div>\n                                                                        <p class=\"font-size-2 mb-2 crop-text-2\">\n                                        Chass\u00e9 par l\u2019ennemi du sol de mes a\u00efeux, J\u2019ai d\u00fb fouler les champs de la terre \u00e9trang\u00e8re, Entendre au loin les cris des monstres furieux Encha\u00eenant ma patrie aux liens de mis\u00e8re ; Comme Dante, vivant j\u2019ai travers\u00e9 l\u2019enfer ! Je croyais au d\u00e9but Die...\n                                    <\/p>\n                                    <div class=\"price d-flex align-items-center font-weight-medium font-size-3\">\n                                        <span class=\"woocommerce-Price-amount amount\">\n                                                                                            \n                                                3,49EUR\n                                                                                    <\/span>\n                                    <\/div>\n                                                                        <div class=\"product__rating d-flex align-items-center font-size-2\">\n                                        <div class=\"text-yellow-darker mr-2\">\n                                                                                                                                                                                    <small class=\"far fa-star\"><\/small>\n                                                                                            <small class=\"far fa-star\"><\/small>\n                                                                                            <small class=\"far fa-star\"><\/small>\n                                                                                            <small class=\"far fa-star\"><\/small>\n                                                                                            <small class=\"far fa-star\"><\/small>\n                                                                                    <\/div>\n                                        <div class=\"\">(0)<\/div>\n                                    <\/div>\n                                <\/div>\n                                <div class=\"col-md-auto d-flex align-items-center\">\n                                                                            <a href=\"javascript:\" data-target=\"44674\"\n                                            class=\"text-uppercase text-dark h-dark font-weight-medium mr-4 add-to-cart\"\n                                            data-toggle=\"tooltip\" data-placement=\"right\" title=\"\"\n                                            data-original-title=\"ADD TO CART\">\n                                            <span class=\"product__add-to-cart\">Ajouter au panier<\/span>\n                                            <span class=\"product__add-to-cart-icon font-size-4\">\n                                                <i class=\"flaticon-icon-126515\"><\/i>\n                                            <\/span>\n                                        <\/a>\n                                                                                                        <\/div>\n                            <\/div>\n                        <\/div>\n                    <\/li>\n                            <\/ul>\n            \n                <!-- End Mockup Block -->\n    <\/div>\n<\/div>\n<!-- End Tab Content -->\n\n<nav class=\"pagination__wrapper\" aria-label=\"Page navigation example\">\n    <ul class=\"pagination mx-auto\">\n                    <li class=\"page-item\"><a class=\"page-link\" href=\"https:\/\/riebu.fr\/get-filterd-books?page=10\">pr\u00e9c\u00e9dent<\/a><\/li>\n              \n                    \n                                                                        <li class=\"page-item\">\n                            <a class=\"page-link\" href=\"https:\/\/riebu.fr\/get-filterd-books?page=1\">1<\/a>\n                        <\/li>\n                                                                                <li class=\"page-item\">\n                            <a class=\"page-link\" href=\"https:\/\/riebu.fr\/get-filterd-books?page=2\">2<\/a>\n                        <\/li>\n                                                                                    <li class=\"page-item disabled\">...<\/li>\n            \n                                \n                                                                        <li class=\"page-item\">\n                            <a class=\"page-link\" href=\"https:\/\/riebu.fr\/get-filterd-books?page=8\">8<\/a>\n                        <\/li>\n                                                                                <li class=\"page-item\">\n                            <a class=\"page-link\" href=\"https:\/\/riebu.fr\/get-filterd-books?page=9\">9<\/a>\n                        <\/li>\n                                                                                <li class=\"page-item\">\n                            <a class=\"page-link\" href=\"https:\/\/riebu.fr\/get-filterd-books?page=10\">10<\/a>\n                        <\/li>\n                                                                                <li class=\"page-item active\">\n                            <a class=\"page-link\">11<\/a>\n                        <\/li>\n                                                                                <li class=\"page-item\">\n                            <a class=\"page-link\" href=\"https:\/\/riebu.fr\/get-filterd-books?page=12\">12<\/a>\n                        <\/li>\n                                                                                <li class=\"page-item\">\n                            <a class=\"page-link\" href=\"https:\/\/riebu.fr\/get-filterd-books?page=13\">13<\/a>\n                        <\/li>\n                                                                                <li class=\"page-item\">\n                            <a class=\"page-link\" href=\"https:\/\/riebu.fr\/get-filterd-books?page=14\">14<\/a>\n                        <\/li>\n                                                                                    <li class=\"page-item disabled\">...<\/li>\n            \n                                \n                                                                        <li class=\"page-item\">\n                            <a class=\"page-link\" href=\"https:\/\/riebu.fr\/get-filterd-books?page=1586\">1586<\/a>\n                        <\/li>\n                                                                                <li class=\"page-item\">\n                            <a class=\"page-link\" href=\"https:\/\/riebu.fr\/get-filterd-books?page=1587\">1587<\/a>\n                        <\/li>\n                                                                \n                    <li class=\"page-item\">\n                <a class=\"page-link\" href=\"https:\/\/riebu.fr\/get-filterd-books?page=12\" rel=\"next\">Suivant<\/a>\n            <\/li>\n            <\/ul>\n<\/nav>\n\n","count_html":"<p class=\"woocommerce-result-count m-0\">\n    Affichage de 101 \u2013 110 sur 15865 R\u00e9sultats\n<\/p>\n"}